{"id":1714,"date":"2026-04-23T09:20:36","date_gmt":"2026-04-23T07:20:36","guid":{"rendered":"https:\/\/scuole.portaleragazzi.it\/vittorinodafeltre-4a\/?p=1714"},"modified":"2026-04-23T09:20:36","modified_gmt":"2026-04-23T07:20:36","slug":"achille-lauro","status":"publish","type":"post","link":"https:\/\/scuole.portaleragazzi.it\/vittorinodafeltre-4a\/2026\/04\/23\/achille-lauro\/","title":{"rendered":"Achille Lauro"},"content":{"rendered":"\n<p class=\"wp-block-paragraph\">Achille Lauro \u00e8 il mio cantante preferito e oggi ne voglio parlare.<br>Achille Lauro \u00e8 nato l\u2019 11 luglio 1990, a Verona e attualmente ha 35 anni, ma il vero nome di Achille Lauro non \u00e8 questo, ma Lauro De Marinis. Il suo genere musicale \u00e8 l\u2019 hip hop, il pop e il pop rock.<br>Ha pubblicato in totale 9 album, 7 in studio e 2 raccolte.<br>\u00c8 alto 182 cm.<br>Se avete visto Achille Lauro ha dei tatuaggi sulla faccia, sulla guancia destra ha una scritta dove c\u2019\u00e8 scritto \u201cpour l\u2019 amour\u201d e sulla guancia sinistra \u201cscusa\u201d.<br>I genitori di Achille Lauro si chiamano Nicola De Marinis (suo pap\u00e0) e Cristina Zambon (sua mamma).<br>Achille Lauro mi piace perch\u00e8 mi piacciono le sue canzoni, mi trasmettono felicit\u00e0 ed \u00e8 gentilissimo e simpaticissimo.<br>I miei album preferiti sono 1969 e Comuni mortali e le mie canzoni preferite sono C\u2019 est la vie e Bam bam twist.<br>Perdutamente \u00e8 una canzone di Achille Lauro che \u00e8 diventata simbolo per i ragazzi che sono morti e feriti nell\u2019incendio di capodanno a Crans Montana, questa canzone fu cantata dai familiari di Achille Barosi (morto nell\u2019 incendio di Crans Montana).<br>Il 21 marzo andr\u00f2 al concerto di Achille Lauro!!! Prossimamente vi racconter\u00f2 come \u00e8 andata&#8230;<\/p>\n\n\n\n<p class=\"wp-block-paragraph\"><strong><em>A cura di Lola<\/em><\/strong><\/p>\n\n\n\n<figure class=\"wp-block-image size-full\"><a href=\"https:\/\/scuole.portaleragazzi.it\/vittorinodafeltre-4a\/files\/achille2.jpg\"><img loading=\"lazy\" decoding=\"async\" width=\"600\" height=\"804\" src=\"https:\/\/scuole.portaleragazzi.it\/vittorinodafeltre-4a\/files\/achille2.jpg\" alt=\"\" class=\"wp-image-1722\" srcset=\"https:\/\/scuole.portaleragazzi.it\/vittorinodafeltre-4a\/files\/achille2.jpg 600w, https:\/\/scuole.portaleragazzi.it\/vittorinodafeltre-4a\/files\/achille2-224x300.jpg 224w\" sizes=\"auto, (max-width: 600px) 100vw, 600px\" \/><\/a><\/figure>\n","protected":false},"excerpt":{"rendered":"<p>Achille Lauro \u00e8 il mio cantante preferito e oggi ne voglio parlare.Achille Lauro \u00e8 nato l\u2019 11 luglio 1990, a Verona e attualmente ha 35 anni, ma il vero nome [&hellip;]<\/p>\n","protected":false},"author":7,"featured_media":1723,"comment_status":"closed","ping_status":"open","sticky":false,"template":"","format":"standard","meta":{"_acf_changed":false,"_crdt_document":"{\"document\":\"AAAGyO+kvgZxPgYKAgQDACABAAwCAQEIAQ9IAgiMJgbcJqYmAQEIAQ9ICoABFEQE+igEjicKlAIBAQgBD0gCBAIBBdwpFFpkCp4oADDGKQwEjidRKAEhACcABACEBCcBKAYnACgEJwAHACgCJwEoECcAqAAEAIQBhwAoAicBKBAnAAQARACEAcQBRADEAocAKAInASgQJwCoASgAJwAoBagBBACosCKoIXN0YXRldmVyc2lvbmRvY3VtZW50ZGF0ZWRvY3VtZW50c3RhdHVzZG9jdW1lbnR0aXRsZUJvenphIGF1dG9tYXRpY2Fkb2N1bWVudGNvbnRlbnRkb2N1bWVudGV4Y2VycHRkb2N1bWVudGF1dGhvcmRvY3VtZW50ZmVhdHVyZWRfbWVkaWFkb2N1bWVudGNvbW1lbnRfc3RhdHVzZG9jdW1lbnRwaW5nX3N0YXR1c2RvY3VtZW50c3RpY2t5ZG9jdW1lbnR0ZW1wbGF0ZWRvY3VtZW50Zm9ybWF0ZG9jdW1lbnRtZXRhX2FjZl9jaGFuZ2VkX3VhZ19jdXN0b21fcGFnZV9sZXZlbF9jc3Nmb290bm90ZXNkb2N1bWVudGNhdGVnb3JpZXNkb2N1bWVudHRhZ3Nkb2N1bWVudGJsb2Nrc2NsaWVudElkaXNWYWxpZG5hbWVhdHRyaWJ1dGVzY29udGVudGRyb3BDYXBVQUdIaWRlRGVza3RvcFVBR0hpZGVNb2JVQUdIaWRlVGFiVUFHTG9nZ2VkSW5VQUdMb2dnZWRPdXRVQUdEYXlVQUdSZXNwb25zaXZlQ29uZGl0aW9uc1VBR0FuaW1hdGlvblR5cGVVQUdBbmltYXRpb25UaW1lVUFHQW5pbWF0aW9uRGVsYXlVQUdBbmltYXRpb25FYXNpbmdVQUdBbmltYXRpb25SZXBlYXRVQUdQb3NpdGlvblVBR1N0aWNreUxvY2F0aW9uVUFHU3RpY2t5UmVzdHJpY3RlZFVBR1N0aWNreU9mZnNldGlubmVyQmxvY2tzQWNoaWxsZSBMYXVybyDDqCBpbCBtaW8gY2FudGFudGUgcHJlZmVyaXRvIGUgb2dnaSBuZSB2b2dsaW8gcGFybGFyZS48YnI+QWNoaWxsZSBMYXVybyDDqCBuYXRvIGzigJkgMTEgbHVnbGlvIDE5OTAsIGEgVmVyb25hIGUgYXR0dWFsbWVudGUgaGEgMzUgYW5uaSwgbWEgaWwgdmVybyBub21lIGRpIEFjaGlsbGUgTGF1cm8gbm9uIMOoIHF1ZXN0bywgbWEgTGF1cm8gRGUgTWFyaW5pcy4gSWwgc3VvIGdlbmVyZSBtdXNpY2FsZSDDqCBs4oCZIGhpcCBob3AsIGlsIHBvcCBlIGlsIHBvcCByb2NrLjxicj5IYSBwdWJibGljYXRvIGluIHRvdGFsZSA5IGFsYnVtLCA3IGluIHN0dWRpbyBlIDIgcmFjY29sdGUuPGJyPsOIIGFsdG8gMTgyIGNtLjxicj5TZSBhdmV0ZSB2aXN0byBBY2hpbGxlIExhdXJvIGhhIGRlaSB0YXR1YWdnaSBzdWxsYSBmYWNjaWEsIHN1bGxhIGd1YW5jaWEgZGVzdHJhIGhhIHVuYSBzY3JpdHRhIGRvdmUgY+KAmcOoIHNjcml0dG8g4oCccG91ciBs4oCZIGFtb3Vy4oCdIGUgc3VsbGEgZ3VhbmNpYSBzaW5pc3RyYSDigJxzY3VzYeKAnS48YnI+SSBnZW5pdG9yaSBkaSBBY2hpbGxlIExhdXJvIHNpIGNoaWFtYW5vIE5pY29sYSBEZSBNYXJpbmlzIChzdW8gcGFww6ApIGUgQ3Jpc3RpbmEgWmFtYm9uIChzdWEgbWFtbWEpLjxicj5BY2hpbGxlIExhdXJvIG1pIHBpYWNlIHBlcmNow6ggbWkgcGlhY2Npb25vIGxlIHN1ZSBjYW56b25pLCBtaSB0cmFzbWV0dG9ubyBmZWxpY2l0w6AgZWQgw6ggZ2VudGlsaXNzaW1vIGUgc2ltcGF0aWNpc3NpbW8uPGJyPkkgbWllaSBhbGJ1bSBwcmVmZXJpdGkgc29ubyAxOTY5IGUgQ29tdW5pIG1vcnRhbGkgZSBsZSBtaWUgY2Fuem9uaSBwcmVmZXJpdGUgc29ubyBD4oCZIGVzdCBsYSB2aWUgZSBCYW0gYmFtIHR3aXN0Ljxicj5QZXJkdXRhbWVudGUgw6ggdW5hIGNhbnpvbmUgZGkgQWNoaWxsZSBMYXVybyBjaGUgw6ggZGl2ZW50YXRhIHNpbWJvbG8gcGVyIGkgcmFnYXp6aSBjaGUgc29ubyBtb3J0aSBlIGZlcml0aSBuZWxs4oCZaW5jZW5kaW8gZGkgY2Fwb2Rhbm5vIGEgQ3JhbnMgTW9udGFuYSwgcXVlc3RhIGNhbnpvbmUgZnUgY2FudGF0YSBkYWkgZmFtaWxpYXJpIGRpIEFjaGlsbGUgQmFyb3NpIChtb3J0byBuZWxs4oCZIGluY2VuZGlvIGRpIENyYW5zIE1vbnRhbmEpLjxicj5JbCAyMSBtYXJ6byBhbmRyw7IgYWwgY29uY2VydG8gZGkgQWNoaWxsZSBMYXVybyEhISBQcm9zc2ltYW1lbnRlIHZpIHJhY2NvbnRlcsOyIGNvbWUgw6ggYW5kYXRv4oCmYS4uLmNsaWVudElkaXNWYWxpZG5hbWVhdHRyaWJ1dGVzY29udGVudGRyb3BDYXBVQUdIaWRlRGVza3RvcFVBR0hpZGVNb2JVQUdIaWRlVGFiVUFHTG9nZ2VkSW5VQUdMb2dnZWRPdXRVQUdEYXlVQUdSZXNwb25zaXZlQ29uZGl0aW9uc1VBR0FuaW1hdGlvblR5cGVVQUdBbmltYXRpb25UaW1lVUFHQW5pbWF0aW9uRGVsYXlVQUdBbmltYXRpb25FYXNpbmdVQUdBbmltYXRpb25SZXBlYXRVQUdQb3NpdGlvblVBR1N0aWNreUxvY2F0aW9uVUFHU3RpY2t5UmVzdHJpY3RlZFVBR1N0aWNreU9mZnNldGlubmVyQmxvY2tzQSBjdXJhIGRpIExvbGE8c3Ryb25nPjwvc3Ryb25nPjxlbT5lbT48L0FjaGlsbGVMcnRjbGllbnRJZGlzVmFsaWRuYW1lYXR0cmlidXRlc2NvbnRlbnRkcm9wQ2FwVUFHSGlkZURlc2t0b3BVQUdIaWRlTW9iVUFHSGlkZVRhYlVBR0xvZ2dlZEluVUFHTG9nZ2VkT3V0VUFHRGF5VUFHUmVzcG9uc2l2ZUNvbmRpdGlvbnNVQUdBbmltYXRpb25UeXBlVUFHQW5pbWF0aW9uVGltZVVBR0FuaW1hdGlvbkRlbGF5VUFHQW5pbWF0aW9uRWFzaW5nVUFHQW5pbWF0aW9uUmVwZWF0VUFHUG9zaXRpb25VQUdTdGlja3lMb2NhdGlvblVBR1N0aWNreVJlc3RyaWN0ZWRVQUdTdGlja3lPZmZzZXRpbm5lckJsb2Nrc2FsdGNhcHRpb25pZGxpbmt1cmxocmVmc2l6ZVNsdWdsaW5rRGVzdGluYXRpb248IS0tIHdwOnBhcmFncmFwaCAtLT4KPHA+QWNoaWxsZSBMYXVybyDDqCBpbCBtaW8gY2FudGFudGUgcHJlZmVyaXRvIGUgb2dnaSBuZSB2b2dsaW8gcGFybGFyZS48YnI+QWNoaWxsZSBMYXVybyDDqCBuYXRvIGzigJkgMTEgbHVnbGlvIDE5OTAsIGEgVmVyb25hIGUgYXR0dWFsbWVudGUgaGEgMzUgYW5uaSwgbWEgaWwgdmVybyBub21lIGRpIEFjaGlsbGUgTGF1cm8gbm9uIMOoIHF1ZXN0bywgbWEgTGF1cm8gRGUgTWFyaW5pcy4gSWwgc3VvIGdlbmVyZSBtdXNpY2FsZSDDqCBs4oCZIGhpcCBob3AsIGlsIHBvcCBlIGlsIHBvcCByb2NrLjxicj5IYSBwdWJibGljYXRvIGluIHRvdGFsZSA5IGFsYnVtLCA3IGluIHN0dWRpbyBlIDIgcmFjY29sdGUuPGJyPsOIIGFsdG8gMTgyIGNtLjxicj5TZSBhdmV0ZSB2aXN0byBBY2hpbGxlIExhdXJvIGhhIGRlaSB0YXR1YWdnaSBzdWxsYSBmYWNjaWEsIHN1bGxhIGd1YW5jaWEgZGVzdHJhIGhhIHVuYSBzY3JpdHRhIGRvdmUgY+KAmcOoIHNjcml0dG8g4oCccG91ciBs4oCZIGFtb3Vy4oCdIGUgc3VsbGEgZ3VhbmNpYSBzaW5pc3RyYSDigJxzY3VzYeKAnS48YnI+SSBnZW5pdG9yaSBkaSBBY2hpbGxlIExhdXJvIHNpIGNoaWFtYW5vIE5pY29sYSBEZSBNYXJpbmlzIChzdW8gcGFww6ApIGUgQ3Jpc3RpbmEgWmFtYm9uIChzdWEgbWFtbWEpLjxicj5BY2hpbGxlIExhdXJvIG1pIHBpYWNlIHBlcmNow6ggbWkgcGlhY2Npb25vIGxlIHN1ZSBjYW56b25pLCBtaSB0cmFzbWV0dG9ubyBmZWxpY2l0w6AgZWQgw6ggZ2VudGlsaXNzaW1vIGUgc2ltcGF0aWNpc3NpbW8uPGJyPkkgbWllaSBhbGJ1bSBwcmVmZXJpdGkgc29ubyAxOTY5IGUgQ29tdW5pIG1vcnRhbGkgZSBsZSBtaWUgY2Fuem9uaSBwcmVmZXJpdGUgc29ubyBD4oCZIGVzdCBsYSB2aWUgZSBCYW0gYmFtIHR3aXN0Ljxicj5QZXJkdXRhbWVudGUgw6ggdW5hIGNhbnpvbmUgZGkgQWNoaWxsZSBMYXVybyBjaGUgw6ggZGl2ZW50YXRhIHNpbWJvbG8gcGVyIGkgcmFnYXp6aSBjaGUgc29ubyBtb3J0aSBlIGZlcml0aSBuZWxs4oCZaW5jZW5kaW8gZGkgY2Fwb2Rhbm5vIGEgQ3JhbnMgTW9udGFuYSwgcXVlc3RhIGNhbnpvbmUgZnUgY2FudGF0YSBkYWkgZmFtaWxpYXJpIGRpIEFjaGlsbGUgQmFyb3NpIChtb3J0byBuZWxs4oCZIGluY2VuZGlvIGRpIENyYW5zIE1vbnRhbmEpLjxicj5JbCAyMSBtYXJ6byBhbmRyw7IgYWwgY29uY2VydG8gZGkgQWNoaWxsZSBMYXVybyEhISBQcm9zc2ltYW1lbnRlIHZpIHJhY2NvbnRlcsOyIGNvbWUgw6ggYW5kYXRhLi4uPC9wPgo8IS0tIC93cDpwYXJhZ3JhcGggLS0+Cgo8IS0tIHdwOnBhcmFncmFwaCAtLT4KPHA+PHN0cm9uZz48ZW0+QSBjdXJhIGRpIExvbGE8L2VtPjwvc3Ryb25nPjwvcD4KPCEtLSAvd3A6cGFyYWdyYXBoIC0tPgoKPCEtLSB3cDppbWFnZSB7ImlkIjoxNzIyLCJzaXplU2x1ZyI6ImZ1bGwiLCJsaW5rRGVzdGluYXRpb24iOiJtZWRpYSJ9IC0tPgo8ZmlndXJlIGNsYXNzPSJ3cC1ibG9jay1pbWFnZSBzaXplLWZ1bGwiPjxhIGhyZWY9Imh0dHBzOi8vc2N1b2xlLnBvcnRhbGVyYWdhenppLml0L3ZpdHRvcmlub2RhZmVsdHJlLTRhL2ZpbGVzL2FjaGlsbGUyLmpwZyI+PGltZyBzcmM9Imh0dHBzOi8vc2N1b2xlLnBvcnRhbGVyYWdhenppLml0L3ZpdHRvcmlub2RhZmVsdHJlLTRhL2ZpbGVzL2FjaGlsbGUyLmpwZyIgYWx0PSIiIGNsYXNzPSJ3cC1pbWFnZS0xNzIyIi8+PC9hPjwvZmlndXJlPgo8IS0tIC93cDppbWFnZSAtLT4FBwgECAYIRQABAkEABggHCAcIBggOCA4ICwgGSAEGCAQMGgkICggECAYIBwQKRwAOSgALDAYXUAARUgALERMPC7MSAwQIBwQKRwAOSgALDAYXUAARUgALERMPCw4IAgcEBQdBAQgHBApHAA5KAAsMBhdQABFSAAsREw8LAwcCBAMECA+kGgsBAwAAAQkAAgECABFCAQEAQQACAEEAAgBBAAIAAgJBVgF+AH0BdxMyMDI2LTA0LTIzVDA5OjE5OjA5fQd9AHcGY2xvc2VkdwRvcGVueXcAdwhzdGFuZGFyZHl3AHcAdQB1AHckNGMwZWRmYTEtOTgxNi00ODU2LThkZjktZjNjMmQ2N2E4MTU5eHcOY29yZS9wYXJhZ3JhcGh5eXl5eXl1AHl3AH2QBn0AdwRlYXNleXcAdwN0b3B5fQB3JGZkZTg5NzRmLTE2YTUtNGFiNi04OWRiLWMxMmU3OTk0N2U1N3ckNzRmYjQzMzItMmY4Zi00ZmRmLWE4MzQtNmEyZGFkZDMxNzhjeHcOY29yZS9wYXJhZ3JhcGh5eXl5eXl1AHl3AH2QBn0AdwRlYXNleXcAdwN0b3B5fQB3JDhhZDhlOTNlLTU1N2MtNGM4OS04N2QyLTRjNTRmODEyZTdlOHh3DmNvcmUvcGFyYWdyYXBoeXl5eXl5dQB5dwB9kAZ9AHcEZWFzZXl3AHcDdG9weX0AdyQ4ZGUwMGRhOS1jNDJmLTQxZmYtOWI2Ny0wNWNiZDI0MDEzN2N3CmNvcmUvaW1hZ2V3AH26GndJaHR0cHM6Ly9zY3VvbGUucG9ydGFsZXJhZ2F6emkuaXQvdml0dG9yaW5vZGFmZWx0cmUtNGEvP2F0dGFjaG1lbnRfaWQ9MTcyMndIaHR0cHM6Ly9zY3VvbGUucG9ydGFsZXJhZ2F6emkuaXQvdml0dG9yaW5vZGFmZWx0cmUtNGEvZmlsZXMvYWNoaWxsZTIuanBnd0hodHRwczovL3NjdW9sZS5wb3J0YWxlcmFnYXp6aS5pdC92aXR0b3Jpbm9kYWZlbHRyZS00YS9maWxlcy9hY2hpbGxlMi5qcGd3BGZ1bGx3BW1lZGlhfbsadQF9C3cHcHVibGlzaAHIt5KfAwsCAAEEAwABBQMACQADAMoJAk8AAQABAQ==\",\"updateId\":808277806}","_uag_custom_page_level_css":"","footnotes":""},"categories":[11],"tags":[],"class_list":["post-1714","post","type-post","status-publish","format-standard","has-post-thumbnail","hentry","category-musica"],"acf":[],"uagb_featured_image_src":{"full":["https:\/\/scuole.portaleragazzi.it\/vittorinodafeltre-4a\/files\/achille1.jpg",1024,654,false],"thumbnail":["https:\/\/scuole.portaleragazzi.it\/vittorinodafeltre-4a\/files\/achille1-150x150.jpg",150,150,true],"medium":["https:\/\/scuole.portaleragazzi.it\/vittorinodafeltre-4a\/files\/achille1-300x192.jpg",300,192,true],"medium_large":["https:\/\/scuole.portaleragazzi.it\/vittorinodafeltre-4a\/files\/achille1-768x491.jpg",768,491,true],"large":["https:\/\/scuole.portaleragazzi.it\/vittorinodafeltre-4a\/files\/achille1.jpg",1024,654,false],"1536x1536":["https:\/\/scuole.portaleragazzi.it\/vittorinodafeltre-4a\/files\/achille1.jpg",1024,654,false],"2048x2048":["https:\/\/scuole.portaleragazzi.it\/vittorinodafeltre-4a\/files\/achille1.jpg",1024,654,false],"post-thumbnail":["https:\/\/scuole.portaleragazzi.it\/vittorinodafeltre-4a\/files\/achille1-100x50.jpg",100,50,true],"fcrf_cover":["https:\/\/scuole.portaleragazzi.it\/vittorinodafeltre-4a\/files\/achille1.jpg",1024,654,false],"fcrf_big":["https:\/\/scuole.portaleragazzi.it\/vittorinodafeltre-4a\/files\/achille1.jpg",1024,654,false],"fcrf_quad":["https:\/\/scuole.portaleragazzi.it\/vittorinodafeltre-4a\/files\/achille1-600x600.jpg",600,600,true],"fcrf_single":["https:\/\/scuole.portaleragazzi.it\/vittorinodafeltre-4a\/files\/achille1-850x500.jpg",850,500,true],"fcrf_correlati":["https:\/\/scuole.portaleragazzi.it\/vittorinodafeltre-4a\/files\/achille1-358x250.jpg",358,250,true],"fcrf_home":["https:\/\/scuole.portaleragazzi.it\/vittorinodafeltre-4a\/files\/achille1-400x400.jpg",400,400,true],"fcrf_mosaico":["https:\/\/scuole.portaleragazzi.it\/vittorinodafeltre-4a\/files\/achille1-600x400.jpg",600,400,true]},"uagb_author_info":{"display_name":"admin_se","author_link":"https:\/\/scuole.portaleragazzi.it\/vittorinodafeltre-4a\/author\/serrico\/"},"uagb_comment_info":0,"uagb_excerpt":"Achille Lauro \u00e8 il mio cantante preferito e oggi ne voglio parlare.Achille Lauro \u00e8 nato l\u2019 11 luglio 1990, a Verona e attualmente ha 35 anni, ma il vero nome [&hellip;]","_links":{"self":[{"href":"https:\/\/scuole.portaleragazzi.it\/vittorinodafeltre-4a\/wp-json\/wp\/v2\/posts\/1714","targetHints":{"allow":["GET"]}}],"collection":[{"href":"https:\/\/scuole.portaleragazzi.it\/vittorinodafeltre-4a\/wp-json\/wp\/v2\/posts"}],"about":[{"href":"https:\/\/scuole.portaleragazzi.it\/vittorinodafeltre-4a\/wp-json\/wp\/v2\/types\/post"}],"author":[{"embeddable":true,"href":"https:\/\/scuole.portaleragazzi.it\/vittorinodafeltre-4a\/wp-json\/wp\/v2\/users\/7"}],"replies":[{"embeddable":true,"href":"https:\/\/scuole.portaleragazzi.it\/vittorinodafeltre-4a\/wp-json\/wp\/v2\/comments?post=1714"}],"version-history":[{"count":1,"href":"https:\/\/scuole.portaleragazzi.it\/vittorinodafeltre-4a\/wp-json\/wp\/v2\/posts\/1714\/revisions"}],"predecessor-version":[{"id":1725,"href":"https:\/\/scuole.portaleragazzi.it\/vittorinodafeltre-4a\/wp-json\/wp\/v2\/posts\/1714\/revisions\/1725"}],"wp:featuredmedia":[{"embeddable":true,"href":"https:\/\/scuole.portaleragazzi.it\/vittorinodafeltre-4a\/wp-json\/wp\/v2\/media\/1723"}],"wp:attachment":[{"href":"https:\/\/scuole.portaleragazzi.it\/vittorinodafeltre-4a\/wp-json\/wp\/v2\/media?parent=1714"}],"wp:term":[{"taxonomy":"category","embeddable":true,"href":"https:\/\/scuole.portaleragazzi.it\/vittorinodafeltre-4a\/wp-json\/wp\/v2\/categories?post=1714"},{"taxonomy":"post_tag","embeddable":true,"href":"https:\/\/scuole.portaleragazzi.it\/vittorinodafeltre-4a\/wp-json\/wp\/v2\/tags?post=1714"}],"curies":[{"name":"wp","href":"https:\/\/api.w.org\/{rel}","templated":true}]}}