{"id":1522,"date":"2024-05-06T12:26:00","date_gmt":"2024-05-06T10:26:00","guid":{"rendered":"https:\/\/scuole.portaleragazzi.it\/rosai-2d\/?p=1522"},"modified":"2025-11-27T11:14:43","modified_gmt":"2025-11-27T10:14:43","slug":"sinner-il-tennista-gentile","status":"publish","type":"post","link":"https:\/\/scuole.portaleragazzi.it\/rosai-2d\/2024\/05\/06\/sinner-il-tennista-gentile\/","title":{"rendered":"Sinner, il tennista gentile"},"content":{"rendered":"\n<p class=\"wp-block-paragraph\">\u00c8 il numero due al mondo nella classifica ATP, cio\u00e8 \u00e8 il pi\u00f9 grande tennista italiano della storia: Jannik Sinner ha 22 anni ed \u00e8 ormai conosciuto da tutti come il \u201ccampione gentile\u201d.<\/p>\n\n\n\n<p class=\"wp-block-paragraph\">In campo non protesta mai, risponde sempre in maniera educata, quando vince ringrazia il pubblico e soprattutto i suoi genitori.<\/p>\n\n\n\n<p class=\"wp-block-paragraph\">Se piove, tiene lui l\u2019ombrello per riparare i raccattapalle; se l\u2019arbitro sbaglia, Sinner lo giustifica dicendo: \u201cL\u2019errore \u00e8 da accettare, anche se non \u00e8 semplice\u201d, nonostante lo abbia penalizzato.<\/p>\n\n\n\n<p class=\"wp-block-paragraph\">Jannik sembra uscito da una favola moderna: lui \u00e8 il principe che non ha la spada ma ha la racchetta, non ha l\u2019armatura ma i calzoncini e le scarpe da ginnastica, non \u00e8 biondo o moro ma ha i capelli rossi, le lentiggini e sorride sempre.<\/p>\n\n\n\n<p class=\"wp-block-paragraph\"><strong><em>A cura di Stella<\/em><\/strong><\/p>\n\n\n\n<figure class=\"wp-block-image size-full is-resized\"><a href=\"https:\/\/scuole.portaleragazzi.it\/rosai-2d\/files\/Sinner.jpg\"><img loading=\"lazy\" decoding=\"async\" width=\"1024\" height=\"659\" src=\"https:\/\/scuole.portaleragazzi.it\/rosai-2d\/files\/Sinner.jpg\" alt=\"\" class=\"wp-image-1523\" style=\"width:800px\" srcset=\"https:\/\/scuole.portaleragazzi.it\/rosai-2d\/files\/Sinner.jpg 1024w, https:\/\/scuole.portaleragazzi.it\/rosai-2d\/files\/Sinner-300x193.jpg 300w, https:\/\/scuole.portaleragazzi.it\/rosai-2d\/files\/Sinner-768x494.jpg 768w\" sizes=\"auto, (max-width: 1024px) 100vw, 1024px\" \/><\/a><\/figure>\n","protected":false},"excerpt":{"rendered":"<p>\u00c8 il numero due al mondo nella classifica ATP, cio\u00e8 \u00e8 il pi\u00f9 grande tennista italiano della storia: Jannik Sinner ha 22 anni ed \u00e8 ormai conosciuto da tutti come [&hellip;]<\/p>\n","protected":false},"author":7,"featured_media":1523,"comment_status":"closed","ping_status":"open","sticky":false,"template":"","format":"standard","meta":{"_acf_changed":false,"_crdt_document":"","_uag_custom_page_level_css":"","footnotes":""},"categories":[12],"tags":[18520],"class_list":["post-1522","post","type-post","status-publish","format-standard","has-post-thumbnail","hentry","category-senza-categoria","tag-classe-2d-scuola-sec-stat-rosai"],"acf":[],"uagb_featured_image_src":{"full":["https:\/\/scuole.portaleragazzi.it\/rosai-2d\/files\/Sinner.jpg",1024,659,false],"thumbnail":["https:\/\/scuole.portaleragazzi.it\/rosai-2d\/files\/Sinner-150x150.jpg",150,150,true],"medium":["https:\/\/scuole.portaleragazzi.it\/rosai-2d\/files\/Sinner-300x193.jpg",300,193,true],"medium_large":["https:\/\/scuole.portaleragazzi.it\/rosai-2d\/files\/Sinner-768x494.jpg",768,494,true],"large":["https:\/\/scuole.portaleragazzi.it\/rosai-2d\/files\/Sinner.jpg",1024,659,false],"1536x1536":["https:\/\/scuole.portaleragazzi.it\/rosai-2d\/files\/Sinner.jpg",1024,659,false],"2048x2048":["https:\/\/scuole.portaleragazzi.it\/rosai-2d\/files\/Sinner.jpg",1024,659,false],"post-thumbnail":["https:\/\/scuole.portaleragazzi.it\/rosai-2d\/files\/Sinner-100x50.jpg",100,50,true],"fcrf_cover":["https:\/\/scuole.portaleragazzi.it\/rosai-2d\/files\/Sinner.jpg",1024,659,false],"fcrf_big":["https:\/\/scuole.portaleragazzi.it\/rosai-2d\/files\/Sinner.jpg",1024,659,false],"fcrf_quad":["https:\/\/scuole.portaleragazzi.it\/rosai-2d\/files\/Sinner-600x600.jpg",600,600,true],"fcrf_single":["https:\/\/scuole.portaleragazzi.it\/rosai-2d\/files\/Sinner-850x500.jpg",850,500,true],"fcrf_correlati":["https:\/\/scuole.portaleragazzi.it\/rosai-2d\/files\/Sinner-358x250.jpg",358,250,true],"fcrf_home":["https:\/\/scuole.portaleragazzi.it\/rosai-2d\/files\/Sinner-400x400.jpg",400,400,true],"fcrf_mosaico":["https:\/\/scuole.portaleragazzi.it\/rosai-2d\/files\/Sinner-600x400.jpg",600,400,true]},"uagb_author_info":{"display_name":"admin_se","author_link":"https:\/\/scuole.portaleragazzi.it\/rosai-2d\/author\/serrico\/"},"uagb_comment_info":0,"uagb_excerpt":"\u00c8 il numero due al mondo nella classifica ATP, cio\u00e8 \u00e8 il pi\u00f9 grande tennista italiano della storia: Jannik Sinner ha 22 anni ed \u00e8 ormai conosciuto da tutti come [&hellip;]","_links":{"self":[{"href":"https:\/\/scuole.portaleragazzi.it\/rosai-2d\/wp-json\/wp\/v2\/posts\/1522","targetHints":{"allow":["GET"]}}],"collection":[{"href":"https:\/\/scuole.portaleragazzi.it\/rosai-2d\/wp-json\/wp\/v2\/posts"}],"about":[{"href":"https:\/\/scuole.portaleragazzi.it\/rosai-2d\/wp-json\/wp\/v2\/types\/post"}],"author":[{"embeddable":true,"href":"https:\/\/scuole.portaleragazzi.it\/rosai-2d\/wp-json\/wp\/v2\/users\/7"}],"replies":[{"embeddable":true,"href":"https:\/\/scuole.portaleragazzi.it\/rosai-2d\/wp-json\/wp\/v2\/comments?post=1522"}],"version-history":[{"count":1,"href":"https:\/\/scuole.portaleragazzi.it\/rosai-2d\/wp-json\/wp\/v2\/posts\/1522\/revisions"}],"predecessor-version":[{"id":1524,"href":"https:\/\/scuole.portaleragazzi.it\/rosai-2d\/wp-json\/wp\/v2\/posts\/1522\/revisions\/1524"}],"wp:featuredmedia":[{"embeddable":true,"href":"https:\/\/scuole.portaleragazzi.it\/rosai-2d\/wp-json\/wp\/v2\/media\/1523"}],"wp:attachment":[{"href":"https:\/\/scuole.portaleragazzi.it\/rosai-2d\/wp-json\/wp\/v2\/media?parent=1522"}],"wp:term":[{"taxonomy":"category","embeddable":true,"href":"https:\/\/scuole.portaleragazzi.it\/rosai-2d\/wp-json\/wp\/v2\/categories?post=1522"},{"taxonomy":"post_tag","embeddable":true,"href":"https:\/\/scuole.portaleragazzi.it\/rosai-2d\/wp-json\/wp\/v2\/tags?post=1522"}],"curies":[{"name":"wp","href":"https:\/\/api.w.org\/{rel}","templated":true}]}}