{"id":1476,"date":"2026-04-10T10:58:23","date_gmt":"2026-04-10T08:58:23","guid":{"rendered":"https:\/\/scuole.portaleragazzi.it\/rodari-4b\/?p=1476"},"modified":"2026-04-11T11:03:42","modified_gmt":"2026-04-11T09:03:42","slug":"i-maya","status":"publish","type":"post","link":"https:\/\/scuole.portaleragazzi.it\/rodari-4b\/2026\/04\/10\/i-maya\/","title":{"rendered":"I MAYA"},"content":{"rendered":"\n<p class=\"wp-block-paragraph\">La civilt\u00e0 dei maya si svilupp\u00f2 nella penisola dello Yuvat\u00e0n. Con il passare del tempo il loro territorio si estese fino a comprendere una vasta zona dell\u2019America centrale.<\/p>\n\n\n\n<p class=\"wp-block-paragraph\">Le prime trib\u00f9 nomadi arrivarono nello Yucat\u00e0n intorno al 2000 a.C..<\/p>\n\n\n\n<p class=\"wp-block-paragraph\">I Maya erano organizzati in citt\u00e0-stato indipendenti, ognuna era governata da un re.<\/p>\n\n\n\n<p class=\"wp-block-paragraph\">I Maya si dedicavano soprattutto all\u2019agricoltura: producevano mais, pomodori, peperoncini e patate.<\/p>\n\n\n\n<p class=\"wp-block-paragraph\">Erano anche abili commercianti. Con le popolazioni vicine scambiavano sale, pietre preziose, piume colorate, mobili e schiavi.<\/p>\n\n\n\n<p class=\"wp-block-paragraph\">I Maya erano eccellenti matematici e avevano scoperto lo zero. Erano abili architetti e realizzarono le piramidi a gradoni che aveva la base quadrangolare. Utilizzavano la scrittura con segni chiamati GLIFI che potevano rappresentare sia un oggetto sia la lettera iniziale dell\u2019oggetto stesso. Realizzarono centinaia di libri, chiamati codici: ne sono rimasti soltanto tre, che sono indispensabili per ricostruire la loro civilt\u00e0.<\/p>\n\n\n<div class=\"wp-block-image\">\n<figure class=\"alignright size-full\"><a href=\"https:\/\/scuole.portaleragazzi.it\/rodari-4b\/files\/maya2.jpg\"><img loading=\"lazy\" decoding=\"async\" width=\"350\" height=\"333\" src=\"https:\/\/scuole.portaleragazzi.it\/rodari-4b\/files\/maya2.jpg\" alt=\"\" class=\"wp-image-1478\" srcset=\"https:\/\/scuole.portaleragazzi.it\/rodari-4b\/files\/maya2.jpg 350w, https:\/\/scuole.portaleragazzi.it\/rodari-4b\/files\/maya2-300x285.jpg 300w\" sizes=\"auto, (max-width: 350px) 100vw, 350px\" \/><\/a><\/figure>\n<\/div>\n\n\n<p class=\"wp-block-paragraph\">I Maya realizzarono un calendario solare, calcolarono che un anno era formato da 365 o 242 giorni.<\/p>\n\n\n\n<p class=\"wp-block-paragraph\">Una curiosit\u00e0: secondo il calendario Maya, il 21 dicembre 2012 segnava la fine di un ciclo, non del mondo. Per loro era semplicemente l\u2019inizio di una nuova era.<\/p>\n\n\n\n<p class=\"wp-block-paragraph\">Svilupparono anche un sistema di tessitura e realizzarono abiti in cotone, pelli e foglie di agave. Le loro creazioni erano decorate con conchiglie e pezzetti di legno.<\/p>\n\n\n\n<p class=\"wp-block-paragraph\">I Maya erano politeisti e le loro divinit\u00e0 rappresentarono le forze della natura.<\/p>\n\n\n\n<p class=\"wp-block-paragraph\">I maya praticavano molti riti come il GIOCO DELLA PALLA.<\/p>\n\n\n\n<ul class=\"wp-block-list\">\n<li>ITZAMNA era il dio del cielo<\/li>\n\n\n\n<li>KUKULCAN era il dio creatore<\/li>\n\n\n\n<li>CHAC era il dio della pioggia<\/li>\n\n\n\n<li>YUM KAAX era il dio del mais<\/li>\n<\/ul>\n\n\n\n<p class=\"wp-block-paragraph\"><strong><em>A cura di Gianluca e Alessandro<\/em><\/strong><\/p>\n\n\n\n<figure class=\"wp-block-image size-full\"><a href=\"https:\/\/scuole.portaleragazzi.it\/rodari-4b\/files\/maya3.jpg\"><img loading=\"lazy\" decoding=\"async\" width=\"600\" height=\"662\" src=\"https:\/\/scuole.portaleragazzi.it\/rodari-4b\/files\/maya3.jpg\" alt=\"\" class=\"wp-image-1479\" srcset=\"https:\/\/scuole.portaleragazzi.it\/rodari-4b\/files\/maya3.jpg 600w, https:\/\/scuole.portaleragazzi.it\/rodari-4b\/files\/maya3-272x300.jpg 272w\" sizes=\"auto, (max-width: 600px) 100vw, 600px\" \/><\/a><\/figure>\n","protected":false},"excerpt":{"rendered":"<p>La civilt\u00e0 dei maya si svilupp\u00f2 nella penisola dello Yuvat\u00e0n. Con il passare del tempo il loro territorio si estese fino a comprendere una vasta zona dell\u2019America centrale. Le prime [&hellip;]<\/p>\n","protected":false},"author":7,"featured_media":1477,"comment_status":"closed","ping_status":"open","sticky":false,"template":"","format":"standard","meta":{"_acf_changed":false,"_crdt_document":"","_uag_custom_page_level_css":"","footnotes":""},"categories":[2768],"tags":[],"class_list":["post-1476","post","type-post","status-publish","format-standard","has-post-thumbnail","hentry","category-storia"],"acf":[],"uagb_featured_image_src":{"full":["https:\/\/scuole.portaleragazzi.it\/rodari-4b\/files\/maya1.jpg",1024,639,false],"thumbnail":["https:\/\/scuole.portaleragazzi.it\/rodari-4b\/files\/maya1-150x150.jpg",150,150,true],"medium":["https:\/\/scuole.portaleragazzi.it\/rodari-4b\/files\/maya1-300x187.jpg",300,187,true],"medium_large":["https:\/\/scuole.portaleragazzi.it\/rodari-4b\/files\/maya1-768x479.jpg",768,479,true],"large":["https:\/\/scuole.portaleragazzi.it\/rodari-4b\/files\/maya1.jpg",1024,639,false],"1536x1536":["https:\/\/scuole.portaleragazzi.it\/rodari-4b\/files\/maya1.jpg",1024,639,false],"2048x2048":["https:\/\/scuole.portaleragazzi.it\/rodari-4b\/files\/maya1.jpg",1024,639,false],"post-thumbnail":["https:\/\/scuole.portaleragazzi.it\/rodari-4b\/files\/maya1-100x50.jpg",100,50,true],"fcrf_cover":["https:\/\/scuole.portaleragazzi.it\/rodari-4b\/files\/maya1.jpg",1024,639,false],"fcrf_big":["https:\/\/scuole.portaleragazzi.it\/rodari-4b\/files\/maya1.jpg",1024,639,false],"fcrf_quad":["https:\/\/scuole.portaleragazzi.it\/rodari-4b\/files\/maya1-600x600.jpg",600,600,true],"fcrf_single":["https:\/\/scuole.portaleragazzi.it\/rodari-4b\/files\/maya1-850x500.jpg",850,500,true],"fcrf_correlati":["https:\/\/scuole.portaleragazzi.it\/rodari-4b\/files\/maya1-358x250.jpg",358,250,true],"fcrf_home":["https:\/\/scuole.portaleragazzi.it\/rodari-4b\/files\/maya1-400x400.jpg",400,400,true],"fcrf_mosaico":["https:\/\/scuole.portaleragazzi.it\/rodari-4b\/files\/maya1-600x400.jpg",600,400,true]},"uagb_author_info":{"display_name":"admin_se","author_link":"https:\/\/scuole.portaleragazzi.it\/rodari-4b\/author\/serrico\/"},"uagb_comment_info":0,"uagb_excerpt":"La civilt\u00e0 dei maya si svilupp\u00f2 nella penisola dello Yuvat\u00e0n. Con il passare del tempo il loro territorio si estese fino a comprendere una vasta zona dell\u2019America centrale. Le prime [&hellip;]","_links":{"self":[{"href":"https:\/\/scuole.portaleragazzi.it\/rodari-4b\/wp-json\/wp\/v2\/posts\/1476","targetHints":{"allow":["GET"]}}],"collection":[{"href":"https:\/\/scuole.portaleragazzi.it\/rodari-4b\/wp-json\/wp\/v2\/posts"}],"about":[{"href":"https:\/\/scuole.portaleragazzi.it\/rodari-4b\/wp-json\/wp\/v2\/types\/post"}],"author":[{"embeddable":true,"href":"https:\/\/scuole.portaleragazzi.it\/rodari-4b\/wp-json\/wp\/v2\/users\/7"}],"replies":[{"embeddable":true,"href":"https:\/\/scuole.portaleragazzi.it\/rodari-4b\/wp-json\/wp\/v2\/comments?post=1476"}],"version-history":[{"count":1,"href":"https:\/\/scuole.portaleragazzi.it\/rodari-4b\/wp-json\/wp\/v2\/posts\/1476\/revisions"}],"predecessor-version":[{"id":1480,"href":"https:\/\/scuole.portaleragazzi.it\/rodari-4b\/wp-json\/wp\/v2\/posts\/1476\/revisions\/1480"}],"wp:featuredmedia":[{"embeddable":true,"href":"https:\/\/scuole.portaleragazzi.it\/rodari-4b\/wp-json\/wp\/v2\/media\/1477"}],"wp:attachment":[{"href":"https:\/\/scuole.portaleragazzi.it\/rodari-4b\/wp-json\/wp\/v2\/media?parent=1476"}],"wp:term":[{"taxonomy":"category","embeddable":true,"href":"https:\/\/scuole.portaleragazzi.it\/rodari-4b\/wp-json\/wp\/v2\/categories?post=1476"},{"taxonomy":"post_tag","embeddable":true,"href":"https:\/\/scuole.portaleragazzi.it\/rodari-4b\/wp-json\/wp\/v2\/tags?post=1476"}],"curies":[{"name":"wp","href":"https:\/\/api.w.org\/{rel}","templated":true}]}}