{"id":162,"date":"2014-03-27T13:25:25","date_gmt":"2014-03-27T12:25:25","guid":{"rendered":"http:\/\/scuole.portaleragazzi.it\/annoscolastico20132014\/?p=162"},"modified":"2014-11-25T09:16:44","modified_gmt":"2014-11-25T08:16:44","slug":"la-mia-descrizione","status":"publish","type":"post","link":"https:\/\/scuole.portaleragazzi.it\/annoscolastico20132014\/2014\/03\/27\/la-mia-descrizione\/","title":{"rendered":"La mia descrizione"},"content":{"rendered":"<p><a href=\"http:\/\/scuole.portaleragazzi.it\/annoscolastico20132014\/files\/foto-renzi.png\"><img loading=\"lazy\" decoding=\"async\" class=\"alignleft size-medium wp-image-163\" style=\"margin-left: 5px;margin-right: 5px\" alt=\"foto renzi\" src=\"http:\/\/scuole.portaleragazzi.it\/annoscolastico20132014\/files\/foto-renzi-300x159.png\" width=\"300\" height=\"159\" \/><\/a>Io sono Guido Parenti e mi piacciono i film e i videogiochi.<br \/>\nIo sono forte e ho i capelli marroni, mossi, grossi e corti; ho gli occhi marrone scuro, non sono n\u00e8 alto n\u00e8 basso, ho 11 anni; assomiglio a Renzi ( tranne che i nei) sono abbastanza bravo a calcio e mi sembra di essere figo. Vado a calcio il Lunedi e il Mercoledi.<br \/>\nDi solito mi vesto con jeans e felpa rossa e blu. Mi piace la matematica, tecnologia e arte (di cui sono bravo). Non mi piace nuotare ma mi piace fare i tuffi e immersioni, perch\u00e8 nell&#8217;acqua ho un buon respiro.<br \/>\nSono goloso e mi piacciono i sughi ( con: pasta, lasagne&#8230;), mi piace la pizza e lo jogurt-gelato (soprattutto da Caminia).<br \/>\nMi piace fare scherzi, sono sempre felice e non mi piace litigare.<br \/>\nSono nato il 30 Aprile e ho molti amici, ho due fratelli un maschio e una femmina, mi piacciono i libri, ma anche i fumetti Manga, sto in una classe molto agitata e simpatica; sono bravo a scuola. Mi piacciono meno i film da ridere ma tanto quelli di azione.<br \/>\nNon mi piace pescare ma mi piace andare in gommone e mi piace l&#8217;estate con molti amici, mi piace fare le feste, mi piace disegnare ed amo dormire. Sono silenzioso e vivace. Se fossi un animale sarei un Toro perch\u00e9 sono forte. Se fossi un oggetto sarei un videogioco perch\u00e8 mi piace giocare. Se fossi un colore sarei il viola perch\u00e8 \u00e8 il colore della squadra per cui tifo. Se fossi un luogo sarei una collina perch\u00e8 non sono n\u00e8 alto n\u00e9 basso.<br \/>\nG. Parenti<\/p>\n","protected":false},"excerpt":{"rendered":"<p>Io sono Guido Parenti e mi piacciono i film e i videogiochi. Io sono forte e ho i capelli marroni, mossi, grossi e corti; ho gli occhi marrone scuro, non [&hellip;]<\/p>\n","protected":false},"author":118,"featured_media":0,"comment_status":"open","ping_status":"open","sticky":false,"template":"","format":"standard","meta":{"_acf_changed":false,"_crdt_document":"","_uag_custom_page_level_css":"","footnotes":""},"categories":[12402],"tags":[16643],"class_list":["post-162","post","type-post","status-publish","format-standard","hentry","category-testi","tag-blog-classi-prime-scuola-sec-1gr-granacci"],"acf":[],"uagb_featured_image_src":{"full":false,"thumbnail":false,"medium":false,"medium_large":false,"large":false,"1536x1536":false,"2048x2048":false,"post-thumbnail":false,"fcrf_cover":false,"fcrf_big":false,"fcrf_quad":false,"fcrf_single":false,"fcrf_correlati":false,"fcrf_home":false,"fcrf_mosaico":false},"uagb_author_info":{"display_name":"Admin","author_link":"https:\/\/scuole.portaleragazzi.it\/annoscolastico20132014\/author\/portalesc\/"},"uagb_comment_info":0,"uagb_excerpt":"Io sono Guido Parenti e mi piacciono i film e i videogiochi. Io sono forte e ho i capelli marroni, mossi, grossi e corti; ho gli occhi marrone scuro, non [&hellip;]","_links":{"self":[{"href":"https:\/\/scuole.portaleragazzi.it\/annoscolastico20132014\/wp-json\/wp\/v2\/posts\/162","targetHints":{"allow":["GET"]}}],"collection":[{"href":"https:\/\/scuole.portaleragazzi.it\/annoscolastico20132014\/wp-json\/wp\/v2\/posts"}],"about":[{"href":"https:\/\/scuole.portaleragazzi.it\/annoscolastico20132014\/wp-json\/wp\/v2\/types\/post"}],"author":[{"embeddable":true,"href":"https:\/\/scuole.portaleragazzi.it\/annoscolastico20132014\/wp-json\/wp\/v2\/users\/118"}],"replies":[{"embeddable":true,"href":"https:\/\/scuole.portaleragazzi.it\/annoscolastico20132014\/wp-json\/wp\/v2\/comments?post=162"}],"version-history":[{"count":1,"href":"https:\/\/scuole.portaleragazzi.it\/annoscolastico20132014\/wp-json\/wp\/v2\/posts\/162\/revisions"}],"predecessor-version":[{"id":1255,"href":"https:\/\/scuole.portaleragazzi.it\/annoscolastico20132014\/wp-json\/wp\/v2\/posts\/162\/revisions\/1255"}],"wp:attachment":[{"href":"https:\/\/scuole.portaleragazzi.it\/annoscolastico20132014\/wp-json\/wp\/v2\/media?parent=162"}],"wp:term":[{"taxonomy":"category","embeddable":true,"href":"https:\/\/scuole.portaleragazzi.it\/annoscolastico20132014\/wp-json\/wp\/v2\/categories?post=162"},{"taxonomy":"post_tag","embeddable":true,"href":"https:\/\/scuole.portaleragazzi.it\/annoscolastico20132014\/wp-json\/wp\/v2\/tags?post=162"}],"curies":[{"name":"wp","href":"https:\/\/api.w.org\/{rel}","templated":true}]}}