{"id":1777,"date":"2017-04-28T11:26:24","date_gmt":"2017-04-28T09:26:24","guid":{"rendered":"https:\/\/scuole.portaleragazzi.it\/annunziata3c\/?p=1369"},"modified":"2017-04-28T11:26:24","modified_gmt":"2017-04-28T09:26:24","slug":"trofeo-assi-2016-2017","status":"publish","type":"post","link":"https:\/\/scuole.portaleragazzi.it\/annoscolastico-2016-2017\/2017\/04\/28\/trofeo-assi-2016-2017\/","title":{"rendered":"Trofeo Assi 2016-2017"},"content":{"rendered":"<p>Ciao a tutti come ben sapete, noi a scuola facciamo le gare del Trofeo Assi e ovviamente non potevano mancare anche quest\u2019anno.<!--more--> Per chi \u00e9 nuovo, queste sono delle manifestazioni sportive aperte a tutte le scuole di Firenze e ogni scuola pu\u00f2 decidere se partecipare o no. Noi abbiamo partecipato e dopo una rimonta impressionante sulle altre scuole, siamo riusciti quest\u2019anno a portarci a casa il Titolo!<br \/>\nLa cosa bella, \u00e8 che noi, scuola piccola, nel senso di poche classi e numero di alunni, siamo riusciti a vincere su altre scuole che hanno un numero maggiori di classi e di conseguenza di studenti.<br \/>\nLe gare iniziano a novembre e si concludono a marzo, con quattro tappe:<br \/>\nla prima, corsa campestre, \u00e8 una prova di resistenza dove dobbiamo fare 1000 metri di corsa;<br \/>\nla seconda e la terza, si svolgono in due giornate di febbraio vicine tra loro dove si gareggia nel lancio del peso, nel salto in alto, 200 metri a corsa, 55 metri a ostacoli e la staffetta<br \/>\nla quarta \u00e8 il Triathlon, ossia tre discipline diverse in un&#8217;unica gara (salto in lungo, 60 mt. corsa e lancio del vortex).<br \/>\nIn ogni tappa, tranne la prima dove siamo arrivati secondi, la nostra scuola ha sempre vinto.<br \/>\nPer celebrare questa grande vittoria, la Dirigenza scolastica ci ha riuniti in cortile dove ci ha festeggiati insieme a tutti gli alunni della scuola.<br \/>\nL\u2019anno prossimo, sar\u00f2 in prima superiore, e purtroppo non potr\u00f2 pi\u00f9 partecipare al Trofeo Assi di atletica.<\/p>\n<p><em>A cura di Jacopo<\/em><\/p>\n","protected":false},"excerpt":{"rendered":"<p>Ciao a tutti come ben sapete, noi a scuola facciamo le gare del Trofeo Assi e ovviamente non potevano mancare anche quest\u2019anno.<\/p>\n","protected":false},"author":118,"featured_media":0,"comment_status":"closed","ping_status":"open","sticky":false,"template":"","format":"standard","meta":{"_acf_changed":false,"_crdt_document":"","_uag_custom_page_level_css":"","footnotes":""},"categories":[10],"tags":[30049,30048],"class_list":["post-1777","post","type-post","status-publish","format-standard","hentry","category-sport","tag-classe-3c-scuola-sec-di-1grado-educandato-ss-annunziata","tag-classe-3c-scuola-sec-di-1grado-ss-annunziata"],"acf":[],"uagb_featured_image_src":{"full":false,"thumbnail":false,"medium":false,"medium_large":false,"large":false,"1536x1536":false,"2048x2048":false,"post-thumbnail":false,"fcrf_cover":false,"fcrf_big":false,"fcrf_quad":false,"fcrf_single":false,"fcrf_correlati":false,"fcrf_home":false,"fcrf_mosaico":false},"uagb_author_info":{"display_name":"Admin","author_link":"https:\/\/scuole.portaleragazzi.it\/annoscolastico-2016-2017\/author\/portalesc\/"},"uagb_comment_info":0,"uagb_excerpt":"Ciao a tutti come ben sapete, noi a scuola facciamo le gare del Trofeo Assi e ovviamente non potevano mancare anche quest\u2019anno.","_links":{"self":[{"href":"https:\/\/scuole.portaleragazzi.it\/annoscolastico-2016-2017\/wp-json\/wp\/v2\/posts\/1777","targetHints":{"allow":["GET"]}}],"collection":[{"href":"https:\/\/scuole.portaleragazzi.it\/annoscolastico-2016-2017\/wp-json\/wp\/v2\/posts"}],"about":[{"href":"https:\/\/scuole.portaleragazzi.it\/annoscolastico-2016-2017\/wp-json\/wp\/v2\/types\/post"}],"author":[{"embeddable":true,"href":"https:\/\/scuole.portaleragazzi.it\/annoscolastico-2016-2017\/wp-json\/wp\/v2\/users\/118"}],"replies":[{"embeddable":true,"href":"https:\/\/scuole.portaleragazzi.it\/annoscolastico-2016-2017\/wp-json\/wp\/v2\/comments?post=1777"}],"version-history":[{"count":0,"href":"https:\/\/scuole.portaleragazzi.it\/annoscolastico-2016-2017\/wp-json\/wp\/v2\/posts\/1777\/revisions"}],"wp:attachment":[{"href":"https:\/\/scuole.portaleragazzi.it\/annoscolastico-2016-2017\/wp-json\/wp\/v2\/media?parent=1777"}],"wp:term":[{"taxonomy":"category","embeddable":true,"href":"https:\/\/scuole.portaleragazzi.it\/annoscolastico-2016-2017\/wp-json\/wp\/v2\/categories?post=1777"},{"taxonomy":"post_tag","embeddable":true,"href":"https:\/\/scuole.portaleragazzi.it\/annoscolastico-2016-2017\/wp-json\/wp\/v2\/tags?post=1777"}],"curies":[{"name":"wp","href":"https:\/\/api.w.org\/{rel}","templated":true}]}}