{"id":2057,"date":"2016-04-27T16:40:14","date_gmt":"2016-04-27T14:40:14","guid":{"rendered":"http:\/\/scuole.portaleragazzi.it\/donmilani3a\/?p=1339"},"modified":"2019-01-21T10:15:31","modified_gmt":"2019-01-21T09:15:31","slug":"porcellino-dindia","status":"publish","type":"post","link":"https:\/\/scuole.portaleragazzi.it\/anno-scolastico-2017-2018\/2016\/04\/27\/porcellino-dindia\/","title":{"rendered":"Porcellino d&#8217;India"},"content":{"rendered":"<p>La cavia domestica \u00e8 stata scoperta da Cristoforo Colombo che scopr\u00ec le Americhe.<br \/>\nIl porcellino d&#8217;india appartiene alla famiglia dei conigli. \u00c8 anche chiamato \u201c cavia domestica\u201d.\u00a0Lui \u00e8 un piccolo roditore ed \u00e8 originario dal&#8217; America del sud, \u00e8 stata usata anche come animale da lavoro.<!--more--><\/p>\n<div id=\"attachment_1342\" style=\"width: 310px\" class=\"wp-caption alignright\"><a href=\"http:\/\/scuole.portaleragazzi.it\/donmilani3a\/2016\/04\/27\/porcellino-dindia\/670px-care-for-guinea-pigs-step-8-version-4\/\" rel=\"attachment wp-att-1342\"><img loading=\"lazy\" decoding=\"async\" aria-describedby=\"caption-attachment-1342\" class=\"size-rect-image-small wp-image-1342\" src=\"http:\/\/scuole.portaleragazzi.it\/anno-scolastico-2017-2018\/files\/670px-Care-for-Guinea-Pigs-Step-8-Version-4-300x225.jpg\" alt=\"Alimentazione tipica del porcellino d'India\" width=\"300\" height=\"225\" \/><\/a><p id=\"caption-attachment-1342\" class=\"wp-caption-text\">Alimentazione tipica del porcellino d&#8217;India<\/p><\/div>\n<p>Il porcellino d&#8217; india \u00e8 di taglia media e quelli selvatici vivono in zone pianeggianti e ricche d&#8217; erba.\u00a0Le cavie sono molto agili.<\/p>\n<p>Alimentazione tipica del porcellino d&#8217;India<br \/>\nIl porcellino d&#8217; india si pu\u00f2 trovare in diversi colori.\u00a0I pi\u00f9 comuni sono: nero, rosso e bianco.\u00a0Il porcellino d&#8217;india mangia: pellet alimentare, fieno, erba fresca e verdura.\u00a0Il porcellino d&#8217; india vive dai 4 ai 8 anni.<\/p>\n","protected":false},"excerpt":{"rendered":"<p>La cavia domestica \u00e8 stata scoperta da Cristoforo Colombo che scopr\u00ec le Americhe. Il porcellino d&#8217;india appartiene alla famiglia dei conigli. \u00c8 anche chiamato \u201c cavia domestica\u201d.\u00a0Lui \u00e8 un piccolo [&hellip;]<\/p>\n","protected":false},"author":118,"featured_media":2113,"comment_status":"closed","ping_status":"open","sticky":false,"template":"","format":"standard","meta":{"_acf_changed":false,"_crdt_document":"","_uag_custom_page_level_css":"","footnotes":""},"categories":[16165],"tags":[29839],"class_list":["post-2057","post","type-post","status-publish","format-standard","has-post-thumbnail","hentry","category-anumali-e-natura","tag-classe-3a-scuola-sec-di-1grado-don-milani"],"acf":[],"uagb_featured_image_src":{"full":["https:\/\/scuole.portaleragazzi.it\/anno-scolastico-2017-2018\/files\/c6cc97fcba9b14e.jpg",480,480,false],"thumbnail":["https:\/\/scuole.portaleragazzi.it\/anno-scolastico-2017-2018\/files\/c6cc97fcba9b14e-150x150.jpg",150,150,true],"medium":["https:\/\/scuole.portaleragazzi.it\/anno-scolastico-2017-2018\/files\/c6cc97fcba9b14e-300x300.jpg",300,300,true],"medium_large":["https:\/\/scuole.portaleragazzi.it\/anno-scolastico-2017-2018\/files\/c6cc97fcba9b14e.jpg",480,480,false],"large":["https:\/\/scuole.portaleragazzi.it\/anno-scolastico-2017-2018\/files\/c6cc97fcba9b14e.jpg",480,480,false],"1536x1536":["https:\/\/scuole.portaleragazzi.it\/anno-scolastico-2017-2018\/files\/c6cc97fcba9b14e.jpg",480,480,false],"2048x2048":["https:\/\/scuole.portaleragazzi.it\/anno-scolastico-2017-2018\/files\/c6cc97fcba9b14e.jpg",480,480,false],"post-thumbnail":["https:\/\/scuole.portaleragazzi.it\/anno-scolastico-2017-2018\/files\/c6cc97fcba9b14e.jpg",50,50,false],"fcrf_cover":["https:\/\/scuole.portaleragazzi.it\/anno-scolastico-2017-2018\/files\/c6cc97fcba9b14e.jpg",480,480,false],"fcrf_big":["https:\/\/scuole.portaleragazzi.it\/anno-scolastico-2017-2018\/files\/c6cc97fcba9b14e.jpg",480,480,false],"fcrf_quad":["https:\/\/scuole.portaleragazzi.it\/anno-scolastico-2017-2018\/files\/c6cc97fcba9b14e.jpg",480,480,false],"fcrf_single":["https:\/\/scuole.portaleragazzi.it\/anno-scolastico-2017-2018\/files\/c6cc97fcba9b14e.jpg",480,480,false],"fcrf_correlati":["https:\/\/scuole.portaleragazzi.it\/anno-scolastico-2017-2018\/files\/c6cc97fcba9b14e.jpg",250,250,false],"fcrf_home":["https:\/\/scuole.portaleragazzi.it\/anno-scolastico-2017-2018\/files\/c6cc97fcba9b14e.jpg",400,400,false],"fcrf_mosaico":["https:\/\/scuole.portaleragazzi.it\/anno-scolastico-2017-2018\/files\/c6cc97fcba9b14e.jpg",400,400,false]},"uagb_author_info":{"display_name":"Admin","author_link":"https:\/\/scuole.portaleragazzi.it\/anno-scolastico-2017-2018\/author\/portalesc\/"},"uagb_comment_info":0,"uagb_excerpt":"La cavia domestica \u00e8 stata scoperta da Cristoforo Colombo che scopr\u00ec le Americhe. Il porcellino d&#8217;india appartiene alla famiglia dei conigli. \u00c8 anche chiamato \u201c cavia domestica\u201d.\u00a0Lui \u00e8 un piccolo [&hellip;]","_links":{"self":[{"href":"https:\/\/scuole.portaleragazzi.it\/anno-scolastico-2017-2018\/wp-json\/wp\/v2\/posts\/2057","targetHints":{"allow":["GET"]}}],"collection":[{"href":"https:\/\/scuole.portaleragazzi.it\/anno-scolastico-2017-2018\/wp-json\/wp\/v2\/posts"}],"about":[{"href":"https:\/\/scuole.portaleragazzi.it\/anno-scolastico-2017-2018\/wp-json\/wp\/v2\/types\/post"}],"author":[{"embeddable":true,"href":"https:\/\/scuole.portaleragazzi.it\/anno-scolastico-2017-2018\/wp-json\/wp\/v2\/users\/118"}],"replies":[{"embeddable":true,"href":"https:\/\/scuole.portaleragazzi.it\/anno-scolastico-2017-2018\/wp-json\/wp\/v2\/comments?post=2057"}],"version-history":[{"count":1,"href":"https:\/\/scuole.portaleragazzi.it\/anno-scolastico-2017-2018\/wp-json\/wp\/v2\/posts\/2057\/revisions"}],"predecessor-version":[{"id":2233,"href":"https:\/\/scuole.portaleragazzi.it\/anno-scolastico-2017-2018\/wp-json\/wp\/v2\/posts\/2057\/revisions\/2233"}],"wp:featuredmedia":[{"embeddable":true,"href":"https:\/\/scuole.portaleragazzi.it\/anno-scolastico-2017-2018\/wp-json\/wp\/v2\/media\/2113"}],"wp:attachment":[{"href":"https:\/\/scuole.portaleragazzi.it\/anno-scolastico-2017-2018\/wp-json\/wp\/v2\/media?parent=2057"}],"wp:term":[{"taxonomy":"category","embeddable":true,"href":"https:\/\/scuole.portaleragazzi.it\/anno-scolastico-2017-2018\/wp-json\/wp\/v2\/categories?post=2057"},{"taxonomy":"post_tag","embeddable":true,"href":"https:\/\/scuole.portaleragazzi.it\/anno-scolastico-2017-2018\/wp-json\/wp\/v2\/tags?post=2057"}],"curies":[{"name":"wp","href":"https:\/\/api.w.org\/{rel}","templated":true}]}}